{"id":397,"date":"2026-04-28T11:51:38","date_gmt":"2026-04-28T16:51:38","guid":{"rendered":"https:\/\/ieng.edu.co\/?p=397"},"modified":"2026-04-28T11:52:24","modified_gmt":"2026-04-28T16:52:24","slug":"voces-de-papel-un-viaje-por-el-idioma-y-la-identidad-en-la-nueva-onda","status":"publish","type":"post","link":"https:\/\/ieng.edu.co\/index.php\/2026\/04\/28\/voces-de-papel-un-viaje-por-el-idioma-y-la-identidad-en-la-nueva-onda\/","title":{"rendered":"&#8220;Voces de Papel&#8221;: Un Viaje por el Idioma y la Identidad en La Nueva Onda"},"content":{"rendered":"\n<p id=\"p-rc_b5fcc7f4a3b5c379-36\">La <strong>Instituci\u00f3n Educativa Nueva Generaci\u00f3n<\/strong> se complace en invitar a toda la comunidad de S\u00e1chica a sintonizar las dos emisiones especiales de nuestra emisora escolar <strong>&#8220;La Nueva Onda&#8221;<\/strong> preparadas para este mes<sup><\/sup>. Bajo el t\u00edtulo <strong>&#8220;Voces de Papel: D\u00eda del Idioma y Literatura Local&#8221;<\/strong>, estas producciones buscan preservar nuestra memoria colectiva y fortalecer la identidad cultural a trav\u00e9s del arte y la creatividad<sup><\/sup>.<\/p>\n\n\n\n<h3 class=\"wp-block-heading\">\ud83d\udcdc Primera Emisi\u00f3n: Ra\u00edces y Legado Literario<\/h3>\n\n\n\n<p id=\"p-rc_b5fcc7f4a3b5c379-37\">En el primer programa, nuestros presentadores Salom\u00e9 y Sim\u00f3n nos guiar\u00e1n por un recorrido hist\u00f3rico para entender por qu\u00e9 cada <strong>23 de abril<\/strong> rendimos homenaje a nuestra lengua<sup><\/sup>.<\/p>\n\n\n\n<ul class=\"wp-block-list\">\n<li><strong>Homenaje a los Grandes:<\/strong> Conoceremos las fascinantes y dif\u00edciles vidas de <strong>Miguel de Cervantes Saavedra<\/strong>, el &#8220;Manco de Lepanto&#8221;, y del dramaturgo ingl\u00e9s <strong>William Shakespeare<\/strong>, pilares de la literatura universal que fallecieron en esta misma fecha.<\/li>\n\n\n\n<li><strong>Identidad Colombiana:<\/strong> Explicaremos c\u00f3mo la celebraci\u00f3n del D\u00eda del Idioma se oficializ\u00f3 en nuestro pa\u00eds en <strong>1938<\/strong> como una herramienta para exaltar la cultura y el correcto uso del castellano.<\/li>\n\n\n\n<li><strong>Sabor Local:<\/strong> Disfrutaremos de intervenciones estudiantiles cargadas de <strong>refranes, coplas y dichos<\/strong> populares que reflejan la riqueza del habla en nuestra regi\u00f3n.<\/li>\n<\/ul>\n\n\n\n<h3 class=\"wp-block-heading\">\ud83c\udfa4 Segunda Emisi\u00f3n: Di\u00e1logos de Cultura y Territorio<\/h3>\n\n\n\n<p id=\"p-rc_b5fcc7f4a3b5c379-41\">La segunda parte de este especial profundiza en la vigencia del espa\u00f1ol, una lengua que une a m\u00e1s de <strong>635 millones de personas<\/strong> en el mundo<sup><\/sup>. Esta entrega contar\u00e1 con invitados de lujo que representan la esencia de S\u00e1chica:<\/p>\n\n\n\n<ul class=\"wp-block-list\">\n<li><strong>Literatura y Educaci\u00f3n:<\/strong> Una entrevista exclusiva con el profesor <strong>Jairo Novoa<\/strong>, docente de Ciencias Sociales y escritor, sobre la importancia transformadora de la lectura.<\/li>\n\n\n\n<li><strong>M\u00fasica y Tradici\u00f3n:<\/strong> Conversaremos con el Maestro <strong>V\u00edctor Julio Ropero<\/strong>, director de la Banda Fiestera, sobre el ritmo que acompa\u00f1a nuestras letras.<\/li>\n\n\n\n<li><strong>Sabores con Historia:<\/strong> Contaremos con la presencia de la se\u00f1ora <strong>Luz Mery<\/strong>, del restaurante &#8220;El Mes\u00f3n de la Gallina&#8221;, para hablar de la uni\u00f3n entre cocina y cultura local.<\/li>\n<\/ul>\n\n\n\n<p id=\"p-rc_b5fcc7f4a3b5c379-45\">Acompa\u00f1a a nuestros estudiantes en este espacio creado con dedicaci\u00f3n para aprender, reflexionar y, sobre todo, valorar la palabra como el puente que nos conecta entre generaciones<sup><\/sup>.<\/p>\n\n\n\n<p>\ud83d\udc47 <strong>\u00a1No te lo pierdas! Escucha ambos programas en nuestro portal web a trav\u00e9s de Zeno.fm:<\/strong><\/p>\n\n\n\n<ul class=\"wp-block-list\">\n<li><a href=\"https:\/\/zeno.fm\/podcast\/programas-de-radio\/episodes\/programa-20-de-abril-de-2026-dia-del-idioma\/\" target=\"_blank\" rel=\"noreferrer noopener\">programa 20 de abril de 2026 &#8211; D\u00eda del idioma &#8211; Zeno.FM<\/a><\/li>\n\n\n\n<li><a href=\"https:\/\/zeno.fm\/podcast\/programas-de-radio\/episodes\/programa-27-de-abril-de-2026-continuacion-dia-del-idioma\/\" target=\"_blank\" rel=\"noreferrer noopener\">Programa 27 de abril de 2026 &#8211; Continuaci\u00f3n d\u00eda del idioma &#8211; Zeno.FM<\/a><\/li>\n\n\n\n<li>Escucha todos nuestros programas de radio sin interrupciones aqu\u00ed: <a href=\"https:\/\/zeno.fm\/radio\/la-nueva-onda-gp4d\/\" target=\"_blank\" rel=\"noreferrer noopener\">Listen to LA NUEVA ONDA | Zeno.FM<\/a><\/li>\n<\/ul>\n\n\n\n<p id=\"p-rc_b5fcc7f4a3b5c379-46\">\u00a1Porque en la I.E. Nueva Generaci\u00f3n, nuestra lengua es nuestro patrimonio!<\/p>\n","protected":false},"excerpt":{"rendered":"<p>La Instituci\u00f3n Educativa Nueva Generaci\u00f3n se complace en invitar a toda la comunidad de S\u00e1chica a sintonizar las dos emisiones especiales de nuestra emisora escolar &#8220;La Nueva Onda&#8221; preparadas para este mes. Bajo el t\u00edtulo &#8220;Voces de Papel: D\u00eda del Idioma y Literatura Local&#8221;, estas producciones buscan preservar nuestra memoria colectiva y fortalecer la identidad [&hellip;]<\/p>\n","protected":false},"author":1,"featured_media":399,"comment_status":"open","ping_status":"open","sticky":false,"template":"","format":"standard","meta":{"footnotes":""},"categories":[7],"tags":[37,46,45,10,66],"class_list":["post-397","post","type-post","status-publish","format-standard","has-post-thumbnail","hentry","category-publicaciones","tag-37","tag-emisora","tag-la-nueva-onda","tag-nueva-generacion-2","tag-radio"],"_links":{"self":[{"href":"https:\/\/ieng.edu.co\/index.php\/wp-json\/wp\/v2\/posts\/397","targetHints":{"allow":["GET"]}}],"collection":[{"href":"https:\/\/ieng.edu.co\/index.php\/wp-json\/wp\/v2\/posts"}],"about":[{"href":"https:\/\/ieng.edu.co\/index.php\/wp-json\/wp\/v2\/types\/post"}],"author":[{"embeddable":true,"href":"https:\/\/ieng.edu.co\/index.php\/wp-json\/wp\/v2\/users\/1"}],"replies":[{"embeddable":true,"href":"https:\/\/ieng.edu.co\/index.php\/wp-json\/wp\/v2\/comments?post=397"}],"version-history":[{"count":1,"href":"https:\/\/ieng.edu.co\/index.php\/wp-json\/wp\/v2\/posts\/397\/revisions"}],"predecessor-version":[{"id":398,"href":"https:\/\/ieng.edu.co\/index.php\/wp-json\/wp\/v2\/posts\/397\/revisions\/398"}],"wp:featuredmedia":[{"embeddable":true,"href":"https:\/\/ieng.edu.co\/index.php\/wp-json\/wp\/v2\/media\/399"}],"wp:attachment":[{"href":"https:\/\/ieng.edu.co\/index.php\/wp-json\/wp\/v2\/media?parent=397"}],"wp:term":[{"taxonomy":"category","embeddable":true,"href":"https:\/\/ieng.edu.co\/index.php\/wp-json\/wp\/v2\/categories?post=397"},{"taxonomy":"post_tag","embeddable":true,"href":"https:\/\/ieng.edu.co\/index.php\/wp-json\/wp\/v2\/tags?post=397"}],"curies":[{"name":"wp","href":"https:\/\/api.w.org\/{rel}","templated":true}]}}