{"id":390,"date":"2026-04-27T17:49:41","date_gmt":"2026-04-27T22:49:41","guid":{"rendered":"https:\/\/ieng.edu.co\/?p=390"},"modified":"2026-04-27T18:23:55","modified_gmt":"2026-04-27T23:23:55","slug":"el-ii-convite-literario-del-valle-de-saquenzipa-un-territorio-de-palabras-y-esperanza","status":"publish","type":"post","link":"https:\/\/ieng.edu.co\/index.php\/2026\/04\/27\/el-ii-convite-literario-del-valle-de-saquenzipa-un-territorio-de-palabras-y-esperanza\/","title":{"rendered":"El II Convite Literario del Valle de Zaquencipa, un Territorio de Palabras y Esperanza"},"content":{"rendered":"\n<p><strong>S\u00e1chica, Boyac\u00e1.<\/strong> El pasado viernes <strong>24 de abril<\/strong>, las voces, las letras y el arte se fundieron en un solo sentir durante la celebraci\u00f3n del <strong>Segundo Convite Literario del Valle de Zaquencipa<\/strong>. Este evento, que ya se consolida como un hito cultural en nuestra regi\u00f3n, transform\u00f3 el espacio cotidiano en un escenario de reflexi\u00f3n y creaci\u00f3n colectiva.<\/p>\n\n\n\n<p>En esta edici\u00f3n, el Convite no fue solo una reuni\u00f3n de talentos, sino un <strong>espacio tejido colectivamente<\/strong> para reivindicar el valor del arte y la literatura como motores de transformaci\u00f3n social. La jornada estuvo marcada por una atm\u00f3sfera de encuentro, donde la comunidad educativa y local se uni\u00f3 para honrar la palabra.<\/p>\n\n\n\n<h3 class=\"wp-block-heading\">La voz de la juventud: Semilla de cambio<\/h3>\n\n\n\n<p>Uno de los puntos m\u00e1s altos y emocionantes de la tarde fue la participaci\u00f3n de los j\u00f3venes de la <strong>Instituci\u00f3n Educativa Nueva Generaci\u00f3n<\/strong>. Con una sensibilidad admirable, los estudiantes presentaron micro relatos, poemas y ensayos cr\u00edticos que sorprendieron a los asistentes por su profundidad y madurez.<\/p>\n\n\n\n<p>El profesor <strong>Jos\u00e9 Nova<\/strong>, docente de Artes y miembro del comit\u00e9 organizador, destac\u00f3 con orgullo este protagonismo juvenil:<\/p>\n\n\n\n<blockquote class=\"wp-block-quote is-layout-flow wp-block-quote-is-layout-flow\">\n<p><em>&#8220;Estos j\u00f3venes nos recuerdan que la palabra sigue siendo un territorio f\u00e9rtil, donde germinan nuevas creencias, nuevas preguntas y nuevas formas de habitar el territorio&#8221;<\/em>.<\/p>\n<\/blockquote>\n\n\n\n<p>Lo m\u00e1s impactante de las producciones textuales fue la <strong>mirada fresca y cr\u00edtica<\/strong> sobre problem\u00e1ticas sociales sensibles, como la violencia. Para la instituci\u00f3n, estos escritos representan una esperanza real para construir un futuro donde se logren desnaturalizar pr\u00e1cticas que han lastimado a la sociedad por d\u00e9cadas.<\/p>\n\n\n\n<h3 class=\"wp-block-heading\">Un encuentro de saberes y expresiones<\/h3>\n\n\n\n<p>El Convite Literario logr\u00f3 reunir a una diversidad de actores que dan vida a la cultura en S\u00e1chica:<\/p>\n\n\n\n<ul class=\"wp-block-list\">\n<li><strong>Creadores y gestores culturales:<\/strong> Quienes aportaron su visi\u00f3n y experiencia en la gesti\u00f3n de estos espacios.<\/li>\n\n\n\n<li><strong>M\u00fasicos, actores y bailarines:<\/strong> Que complementaron la palabra escrita con la magia del arte esc\u00e9nico y sonoro.<\/li>\n\n\n\n<li><strong>Familias y docentes:<\/strong> Cuya presencia reafirm\u00f3 el compromiso de la comunidad educativa en el apoyo al talento local.<\/li>\n<\/ul>\n\n\n\n<h3 class=\"wp-block-heading\">La palabra tiene casa en S\u00e1chica<\/h3>\n\n\n\n<p>Este evento trasciende la etiqueta de &#8220;celebraci\u00f3n&#8221; para convertirse en una invitaci\u00f3n permanente a reconocernos como una <strong>comunidad creadora<\/strong>. El \u00e9xito del II Convite Literario radica en su capacidad para escuchar las voces nuevas sin olvidar las voces mayores, construyendo un puente generacional a trav\u00e9s de la literatura.<\/p>\n\n\n\n<p>Como instituci\u00f3n, agradecemos nuestros docentes Beatriz Mancipe, Carmen Cecilia Basto, Constanza Cipamocha, Deiscy Contreras, Nidia Morantes, Jairo Novoa, y Jos\u00e9 Alberto Nova, a cada participante y organizador que hizo posible esta tarde m\u00e1gica. El Convite Literario nos demuestra que, en la <strong>I.E. Nueva Generaci\u00f3n<\/strong>, la palabra tiene casa, porvenir y, sobre todo, un sentido profundo de transformaci\u00f3n.<\/p>\n\n\n\n<iframe src=\"https:\/\/www.facebook.com\/plugins\/post.php?href=https%3A%2F%2Fwww.facebook.com%2Fienuevagen%2Fposts%2Fpfbid02Y8nGxoHoGa6pqaCcy7ZrdGwJv4HakSeuXX68jyqLZvBvmk1fwFRGiBAiKvMi2tEdl&#038;show_text=true&#038;width=500\" width=\"500\" height=\"815\" style=\"border:none;overflow:hidden\" scrolling=\"no\" frameborder=\"0\" allowfullscreen=\"true\" allow=\"autoplay; clipboard-write; encrypted-media; picture-in-picture; web-share\"><\/iframe>\n","protected":false},"excerpt":{"rendered":"<p>S\u00e1chica, Boyac\u00e1. El pasado viernes 24 de abril, las voces, las letras y el arte se fundieron en un solo sentir durante la celebraci\u00f3n del Segundo Convite Literario del Valle de Zaquencipa. Este evento, que ya se consolida como un hito cultural en nuestra regi\u00f3n, transform\u00f3 el espacio cotidiano en un escenario de reflexi\u00f3n y [&hellip;]<\/p>\n","protected":false},"author":1,"featured_media":391,"comment_status":"open","ping_status":"open","sticky":false,"template":"","format":"standard","meta":{"footnotes":""},"categories":[7],"tags":[37,73,71],"class_list":["post-390","post","type-post","status-publish","format-standard","has-post-thumbnail","hentry","category-publicaciones","tag-37","tag-artes","tag-convite-literario"],"_links":{"self":[{"href":"https:\/\/ieng.edu.co\/index.php\/wp-json\/wp\/v2\/posts\/390","targetHints":{"allow":["GET"]}}],"collection":[{"href":"https:\/\/ieng.edu.co\/index.php\/wp-json\/wp\/v2\/posts"}],"about":[{"href":"https:\/\/ieng.edu.co\/index.php\/wp-json\/wp\/v2\/types\/post"}],"author":[{"embeddable":true,"href":"https:\/\/ieng.edu.co\/index.php\/wp-json\/wp\/v2\/users\/1"}],"replies":[{"embeddable":true,"href":"https:\/\/ieng.edu.co\/index.php\/wp-json\/wp\/v2\/comments?post=390"}],"version-history":[{"count":4,"href":"https:\/\/ieng.edu.co\/index.php\/wp-json\/wp\/v2\/posts\/390\/revisions"}],"predecessor-version":[{"id":396,"href":"https:\/\/ieng.edu.co\/index.php\/wp-json\/wp\/v2\/posts\/390\/revisions\/396"}],"wp:featuredmedia":[{"embeddable":true,"href":"https:\/\/ieng.edu.co\/index.php\/wp-json\/wp\/v2\/media\/391"}],"wp:attachment":[{"href":"https:\/\/ieng.edu.co\/index.php\/wp-json\/wp\/v2\/media?parent=390"}],"wp:term":[{"taxonomy":"category","embeddable":true,"href":"https:\/\/ieng.edu.co\/index.php\/wp-json\/wp\/v2\/categories?post=390"},{"taxonomy":"post_tag","embeddable":true,"href":"https:\/\/ieng.edu.co\/index.php\/wp-json\/wp\/v2\/tags?post=390"}],"curies":[{"name":"wp","href":"https:\/\/api.w.org\/{rel}","templated":true}]}}